{"id":12248,"date":"2023-06-07T11:44:24","date_gmt":"2023-06-07T09:44:24","guid":{"rendered":"http:\/\/wsdelblag.pl\/?p=12248"},"modified":"2023-06-07T11:46:06","modified_gmt":"2023-06-07T09:46:06","slug":"rekolekcje-powolaniowe-7","status":"publish","type":"post","link":"https:\/\/wsdelblag.pl\/?p=12248","title":{"rendered":"Rekolekcje powo\u0142aniowe"},"content":{"rendered":"<p>Zapraszamy Ci\u0119 na kolejn\u0105 ju\u017c edycj\u0119 rekolekcji dla rozeznaj\u0105cych powo\u0142anie, organizowanych przez nasze seminarium od <strong>24 do 27 czerwca 2023 roku.<\/strong><!--more--><\/p>\n<p><strong>Drogi Bracie!<\/strong><\/p>\n<p>Jakie s\u0105 Twoje pragnienia? Du\u017cy dom z basenem? Dobry samoch\u00f3d? By\u0107 mo\u017ce jednym z nich jest ch\u0119\u0107 u\u0142o\u017cenia sobie doros\u0142ego \u017cycia zgodnie z Bo\u017c\u0105 wol\u0105. Bardzo wa\u017cne jest nieustanne rozeznawanie swych wybor\u00f3w. Zapraszamy Ci\u0119 na kolejn\u0105 ju\u017c edycj\u0119 rekolekcji dla rozeznaj\u0105cych powo\u0142anie, organizowanych przez nasze seminarium od <strong>24 do 27 czerwca 2023 roku,<\/strong> pod has\u0142em <strong><em>&#8220;Wsta\u0144 i id\u017a! Oto posy\u0142am Ci\u0119!&#8221;<\/em><\/strong><\/p>\n<p>Rekolekcje prowadzi\u0107 b\u0119dzie ks. Adam Skrzy\u0144ski.<br \/>\nZg\u0142oszenia przyjmujemy na adres email: kolopowolaniowe@gmail.com &#8211; Na zg\u0142oszenia czekamy do 20 czerwca.<br \/>\nRekolekcje rozpoczynaj\u0105 si\u0119 w sobot\u0119, 24 czerwca (zjazd do godziny 17:00) a ko\u0144cz\u0105 we wtorek, 27 czerwca (wyjazd po godzinie 14:00).<br \/>\nMiejscem rekolekcji jest Wy\u017csze Seminarium Duchowne Diecezji Elbl\u0105skiej (Elbl\u0105g, ul. Bo\u017cego Cia\u0142a 10).<br \/>\nKoszt rekolekcji wynosi 100 z\u0142.<br \/>\nRzeczy, kt\u00f3re warto zabra\u0107, to: Pismo \u015awi\u0119te, notatnik, d\u0142ugopis, \u015bpiw\u00f3r.<\/p>\n<hr>\n<p><strong>Czym s\u0105 rekolekcje dla rozeznaj\u0105cych powo\u0142anie?<\/strong><\/p>\n<p>To wyj\u0105tkowy czas, organizowany dwa razy w roku &#8211; w czasie ferii zimowych oraz na pocz\u0105tku wakacji. Uczestnicy przez 5 dni przebywaj\u0105 w murach seminarium duchownego, uczestnicz\u0105 w specjalnie przygotowanym programie duchowym &#8211; modlitwach, konferencjach, nabo\u017ce\u0144stwach. Szczytem ka\u017cdego dnia jest Msza \u015awi\u0119ta sprawowana w intencji rekolektant\u00f3w. Opr\u00f3cz tre\u015bci duchowej, jest tak\u017ce czas na rekreacj\u0119, gry, budowanie wsp\u00f3lnoty, zawieranie warto\u015bciowych znajomo\u015bci na ca\u0142e \u017cycie. W czasie ka\u017cdych rekolekcji jeden dzie\u0144 przeznaczany jest na wyjazd, pielgrzymk\u0119, zwiedzanie ciekawych miejsc.&nbsp;<\/p>\n<hr>\n<p><strong>Kto mo\u017ce uczestniczy\u0107 w rekolekcjach dla rozeznaj\u0105cych powo\u0142anie?<\/strong><\/p>\n<p>Na rekolekcje dla rozeznaj\u0105cych powo\u0142anie zapraszamy m\u0142odzie\u017c m\u0119sk\u0105, ucz\u0119szczaj\u0105c\u0105 do szko\u0142y \u015bredniej lub starsz\u0105.&nbsp;<\/p>\n<hr>\n<p>&nbsp;<\/p>\n<p><img loading=\"lazy\" decoding=\"async\" class=\"aligncenter wp-image-12237 size-full\" src=\"http:\/\/wsdelblag.pl\/wp-content\/uploads\/2023\/06\/Powolaniowka-czerwiec-2023.jpg\" alt=\"\" width=\"1753\" height=\"2480\" srcset=\"https:\/\/wsdelblag.pl\/wp-content\/uploads\/2023\/06\/Powolaniowka-czerwiec-2023.jpg 1753w, https:\/\/wsdelblag.pl\/wp-content\/uploads\/2023\/06\/Powolaniowka-czerwiec-2023-212x300.jpg 212w, https:\/\/wsdelblag.pl\/wp-content\/uploads\/2023\/06\/Powolaniowka-czerwiec-2023-724x1024.jpg 724w, https:\/\/wsdelblag.pl\/wp-content\/uploads\/2023\/06\/Powolaniowka-czerwiec-2023-768x1087.jpg 768w, https:\/\/wsdelblag.pl\/wp-content\/uploads\/2023\/06\/Powolaniowka-czerwiec-2023-1086x1536.jpg 1086w, https:\/\/wsdelblag.pl\/wp-content\/uploads\/2023\/06\/Powolaniowka-czerwiec-2023-1448x2048.jpg 1448w\" sizes=\"auto, (max-width: 1753px) 100vw, 1753px\" \/><\/p>\n","protected":false},"excerpt":{"rendered":"<p>Zapraszamy Ci\u0119 na kolejn\u0105 ju\u017c edycj\u0119 rekolekcji dla rozeznaj\u0105cych powo\u0142anie, organizowanych przez nasze seminarium od 24 do 27 czerwca 2023 roku.<\/p>\n","protected":false},"author":1,"featured_media":12249,"comment_status":"closed","ping_status":"closed","sticky":false,"template":"","format":"standard","meta":{"ngg_post_thumbnail":0,"footnotes":""},"categories":[131],"tags":[],"class_list":["post-12248","post","type-post","status-publish","format-standard","has-post-thumbnail","hentry","category-news"],"_links":{"self":[{"href":"https:\/\/wsdelblag.pl\/index.php?rest_route=\/wp\/v2\/posts\/12248","targetHints":{"allow":["GET"]}}],"collection":[{"href":"https:\/\/wsdelblag.pl\/index.php?rest_route=\/wp\/v2\/posts"}],"about":[{"href":"https:\/\/wsdelblag.pl\/index.php?rest_route=\/wp\/v2\/types\/post"}],"author":[{"embeddable":true,"href":"https:\/\/wsdelblag.pl\/index.php?rest_route=\/wp\/v2\/users\/1"}],"replies":[{"embeddable":true,"href":"https:\/\/wsdelblag.pl\/index.php?rest_route=%2Fwp%2Fv2%2Fcomments&post=12248"}],"version-history":[{"count":2,"href":"https:\/\/wsdelblag.pl\/index.php?rest_route=\/wp\/v2\/posts\/12248\/revisions"}],"predecessor-version":[{"id":12251,"href":"https:\/\/wsdelblag.pl\/index.php?rest_route=\/wp\/v2\/posts\/12248\/revisions\/12251"}],"wp:featuredmedia":[{"embeddable":true,"href":"https:\/\/wsdelblag.pl\/index.php?rest_route=\/wp\/v2\/media\/12249"}],"wp:attachment":[{"href":"https:\/\/wsdelblag.pl\/index.php?rest_route=%2Fwp%2Fv2%2Fmedia&parent=12248"}],"wp:term":[{"taxonomy":"category","embeddable":true,"href":"https:\/\/wsdelblag.pl\/index.php?rest_route=%2Fwp%2Fv2%2Fcategories&post=12248"},{"taxonomy":"post_tag","embeddable":true,"href":"https:\/\/wsdelblag.pl\/index.php?rest_route=%2Fwp%2Fv2%2Ftags&post=12248"}],"curies":[{"name":"wp","href":"https:\/\/api.w.org\/{rel}","templated":true}]}}