{"id":12490,"date":"2025-06-12T11:13:17","date_gmt":"2025-06-12T09:13:17","guid":{"rendered":"https:\/\/wsdelblag.pl\/?p=12490"},"modified":"2025-06-12T11:13:47","modified_gmt":"2025-06-12T09:13:47","slug":"12490","status":"publish","type":"post","link":"https:\/\/wsdelblag.pl\/?p=12490","title":{"rendered":"Rekolekcje powo\u0142aniowe!"},"content":{"rendered":"<article id=\"post-12384\" class=\"post-12384 post type-post status-publish format-standard has-post-thumbnail hentry category-bez-kategorii\">\n<div class=\"entry-content\">\n<p>Zapraszamy&nbsp; na kolejn\u0105 edycj\u0119 rekolekcji dla rozeznaj\u0105cych powo\u0142anie, organizowanych przez nasze seminarium od&nbsp;<strong>3 do 6 lipca 2025 roku<\/strong>!<\/p>\n<p>Zg\u0142oszenia przyjmujemy na adres email:&nbsp;<a href=\"mailto:kolopowolaniowe@gmail.com\">kolopowolaniowe@gmail.com<\/a><br \/>\nRekolekcje rozpoczynaj\u0105 si\u0119 w czwartek, 3 lipca (zjazd do godziny 17:00) a ko\u0144cz\u0105 w niedziel\u0119, 6 lipca(wyjazd po godzinie 14:00).<br \/>\nMiejscem rekolekcji jest Wy\u017csze Seminarium Duchowne Diecezji Elbl\u0105skiej (Elbl\u0105g, ul. Bo\u017cego Cia\u0142a 10).<br \/>\nKoszt rekolekcji wynosi 150 z\u0142.<br \/>\nRzeczy, kt\u00f3re warto zabra\u0107, to: Pismo \u015awi\u0119te, notatnik, d\u0142ugopis, \u015bpiw\u00f3r, str\u00f3j sportowy.<\/p>\n<p>Wi\u0119cej w zak\u0142adce:&nbsp;<a href=\"https:\/\/wsdelblag.pl\/?page_id=11565\">https:\/\/wsdelblag.pl\/?page_id=11565<\/a><\/p>\n<p><img loading=\"lazy\" decoding=\"async\" class=\"aligncenter size-full wp-image-12487\" src=\"http:\/\/wsdelblag.pl\/wp-content\/uploads\/2025\/06\/491216849_1434022147781196_9112531433394132666_n-1.jpg\" alt=\"\" width=\"1449\" height=\"2048\" srcset=\"https:\/\/wsdelblag.pl\/wp-content\/uploads\/2025\/06\/491216849_1434022147781196_9112531433394132666_n-1.jpg 1449w, https:\/\/wsdelblag.pl\/wp-content\/uploads\/2025\/06\/491216849_1434022147781196_9112531433394132666_n-1-212x300.jpg 212w, https:\/\/wsdelblag.pl\/wp-content\/uploads\/2025\/06\/491216849_1434022147781196_9112531433394132666_n-1-725x1024.jpg 725w, https:\/\/wsdelblag.pl\/wp-content\/uploads\/2025\/06\/491216849_1434022147781196_9112531433394132666_n-1-768x1085.jpg 768w, https:\/\/wsdelblag.pl\/wp-content\/uploads\/2025\/06\/491216849_1434022147781196_9112531433394132666_n-1-1087x1536.jpg 1087w\" sizes=\"auto, (max-width: 1449px) 100vw, 1449px\" \/><\/p>\n<p>&nbsp;<\/p>\n<\/div>\n<\/article>\n","protected":false},"excerpt":{"rendered":"<p>Zapraszamy&nbsp; na kolejn\u0105 edycj\u0119 rekolekcji dla rozeznaj\u0105cych powo\u0142anie, organizowanych przez nasze seminarium od&nbsp;3 do 6 lipca 2025 roku! Zg\u0142oszenia przyjmujemy na adres email:&nbsp;kolopowolaniowe@gmail.com Rekolekcje rozpoczynaj\u0105 si\u0119 w czwartek, 3 lipca (zjazd do godziny 17:00) a ko\u0144cz\u0105 w niedziel\u0119, 6 lipca(wyjazd po godzinie 14:00). Miejscem rekolekcji jest Wy\u017csze Seminarium Duchowne Diecezji Elbl\u0105skiej (Elbl\u0105g, ul. Bo\u017cego Cia\u0142a [&hellip;]<\/p>\n","protected":false},"author":1,"featured_media":12486,"comment_status":"closed","ping_status":"closed","sticky":false,"template":"","format":"standard","meta":{"ngg_post_thumbnail":0,"footnotes":""},"categories":[1],"tags":[],"class_list":["post-12490","post","type-post","status-publish","format-standard","has-post-thumbnail","hentry","category-bez-kategorii"],"_links":{"self":[{"href":"https:\/\/wsdelblag.pl\/index.php?rest_route=\/wp\/v2\/posts\/12490","targetHints":{"allow":["GET"]}}],"collection":[{"href":"https:\/\/wsdelblag.pl\/index.php?rest_route=\/wp\/v2\/posts"}],"about":[{"href":"https:\/\/wsdelblag.pl\/index.php?rest_route=\/wp\/v2\/types\/post"}],"author":[{"embeddable":true,"href":"https:\/\/wsdelblag.pl\/index.php?rest_route=\/wp\/v2\/users\/1"}],"replies":[{"embeddable":true,"href":"https:\/\/wsdelblag.pl\/index.php?rest_route=%2Fwp%2Fv2%2Fcomments&post=12490"}],"version-history":[{"count":2,"href":"https:\/\/wsdelblag.pl\/index.php?rest_route=\/wp\/v2\/posts\/12490\/revisions"}],"predecessor-version":[{"id":12492,"href":"https:\/\/wsdelblag.pl\/index.php?rest_route=\/wp\/v2\/posts\/12490\/revisions\/12492"}],"wp:featuredmedia":[{"embeddable":true,"href":"https:\/\/wsdelblag.pl\/index.php?rest_route=\/wp\/v2\/media\/12486"}],"wp:attachment":[{"href":"https:\/\/wsdelblag.pl\/index.php?rest_route=%2Fwp%2Fv2%2Fmedia&parent=12490"}],"wp:term":[{"taxonomy":"category","embeddable":true,"href":"https:\/\/wsdelblag.pl\/index.php?rest_route=%2Fwp%2Fv2%2Fcategories&post=12490"},{"taxonomy":"post_tag","embeddable":true,"href":"https:\/\/wsdelblag.pl\/index.php?rest_route=%2Fwp%2Fv2%2Ftags&post=12490"}],"curies":[{"name":"wp","href":"https:\/\/api.w.org\/{rel}","templated":true}]}}