{"id":12501,"date":"2025-08-11T12:00:33","date_gmt":"2025-08-11T10:00:33","guid":{"rendered":"https:\/\/wsdelblag.pl\/?p=12501"},"modified":"2025-08-10T18:26:30","modified_gmt":"2025-08-10T16:26:30","slug":"rekrutacja-do-seminarium-5","status":"publish","type":"post","link":"https:\/\/wsdelblag.pl\/?p=12501","title":{"rendered":"Rekrutacja do seminarium"},"content":{"rendered":"<p>Wy\u017csze Seminarium Duchowne Diecezji Elbl\u0105skiej zaprasza m\u0142odych m\u0119\u017cczyzn po maturze do podj\u0119cia formacji w roku akademickim 2025\/2026.<br \/>\nJe\u015bli w sercu nosisz pragnienie odpowiedzi na Bo\u017ce powo\u0142anie i chcesz przygotowa\u0107 si\u0119 do s\u0142u\u017cby kap\u0142a\u0144skiej \u2014 to jest w\u0142a\u015bnie ten czas!<\/p>\n<p> Rekrutacja na Wydziale Teologii UWM<br \/>\n Termin dodatkowy: 12 sierpnia \u2013 16 wrze\u015bnia 2025<\/p>\n<p> Pierwszy krok? Skontaktuj si\u0119 z ks. Rektorem lub ks. Wicerektorem i um\u00f3w na rozmow\u0119 wst\u0119pn\u0105.<br \/>\nPodczas spotkania dowiesz si\u0119 wszystkiego o studiach, formacji oraz niezb\u0119dnych dokumentach.<\/p>\n<p> Nie odk\u0142adaj decyzji \u2014 Pan wo\u0142a dzisiaj!<\/p>\n<p><a href=\"http:\/\/wsdelblag.pl\/wp-content\/uploads\/2025\/08\/powolaniowy_2025_2-scaled.jpg\"><img loading=\"lazy\" decoding=\"async\" class=\"aligncenter wp-image-12502 size-large\" src=\"http:\/\/wsdelblag.pl\/wp-content\/uploads\/2025\/08\/powolaniowy_2025_2-724x1024.jpg\" alt=\"\" width=\"724\" height=\"1024\" srcset=\"https:\/\/wsdelblag.pl\/wp-content\/uploads\/2025\/08\/powolaniowy_2025_2-724x1024.jpg 724w, https:\/\/wsdelblag.pl\/wp-content\/uploads\/2025\/08\/powolaniowy_2025_2-212x300.jpg 212w, https:\/\/wsdelblag.pl\/wp-content\/uploads\/2025\/08\/powolaniowy_2025_2-768x1086.jpg 768w, https:\/\/wsdelblag.pl\/wp-content\/uploads\/2025\/08\/powolaniowy_2025_2-1086x1536.jpg 1086w, https:\/\/wsdelblag.pl\/wp-content\/uploads\/2025\/08\/powolaniowy_2025_2-1448x2048.jpg 1448w, https:\/\/wsdelblag.pl\/wp-content\/uploads\/2025\/08\/powolaniowy_2025_2-scaled.jpg 1810w\" sizes=\"auto, (max-width: 724px) 100vw, 724px\" \/><\/a><\/p>\n","protected":false},"excerpt":{"rendered":"<p>Wy\u017csze Seminarium Duchowne Diecezji Elbl\u0105skiej zaprasza m\u0142odych m\u0119\u017cczyzn po maturze do podj\u0119cia formacji w roku akademickim 2025\/2026. Je\u015bli w sercu nosisz pragnienie odpowiedzi na Bo\u017ce powo\u0142anie i chcesz przygotowa\u0107 si\u0119 do s\u0142u\u017cby kap\u0142a\u0144skiej \u2014 to jest w\u0142a\u015bnie ten czas! Rekrutacja na Wydziale Teologii UWM Termin dodatkowy: 12 sierpnia \u2013 16 wrze\u015bnia 2025 Pierwszy krok? Skontaktuj [&hellip;]<\/p>\n","protected":false},"author":1,"featured_media":12498,"comment_status":"closed","ping_status":"closed","sticky":false,"template":"","format":"standard","meta":{"ngg_post_thumbnail":0,"footnotes":""},"categories":[1],"tags":[],"class_list":["post-12501","post","type-post","status-publish","format-standard","has-post-thumbnail","hentry","category-bez-kategorii"],"_links":{"self":[{"href":"https:\/\/wsdelblag.pl\/index.php?rest_route=\/wp\/v2\/posts\/12501","targetHints":{"allow":["GET"]}}],"collection":[{"href":"https:\/\/wsdelblag.pl\/index.php?rest_route=\/wp\/v2\/posts"}],"about":[{"href":"https:\/\/wsdelblag.pl\/index.php?rest_route=\/wp\/v2\/types\/post"}],"author":[{"embeddable":true,"href":"https:\/\/wsdelblag.pl\/index.php?rest_route=\/wp\/v2\/users\/1"}],"replies":[{"embeddable":true,"href":"https:\/\/wsdelblag.pl\/index.php?rest_route=%2Fwp%2Fv2%2Fcomments&post=12501"}],"version-history":[{"count":1,"href":"https:\/\/wsdelblag.pl\/index.php?rest_route=\/wp\/v2\/posts\/12501\/revisions"}],"predecessor-version":[{"id":12503,"href":"https:\/\/wsdelblag.pl\/index.php?rest_route=\/wp\/v2\/posts\/12501\/revisions\/12503"}],"wp:featuredmedia":[{"embeddable":true,"href":"https:\/\/wsdelblag.pl\/index.php?rest_route=\/wp\/v2\/media\/12498"}],"wp:attachment":[{"href":"https:\/\/wsdelblag.pl\/index.php?rest_route=%2Fwp%2Fv2%2Fmedia&parent=12501"}],"wp:term":[{"taxonomy":"category","embeddable":true,"href":"https:\/\/wsdelblag.pl\/index.php?rest_route=%2Fwp%2Fv2%2Fcategories&post=12501"},{"taxonomy":"post_tag","embeddable":true,"href":"https:\/\/wsdelblag.pl\/index.php?rest_route=%2Fwp%2Fv2%2Ftags&post=12501"}],"curies":[{"name":"wp","href":"https:\/\/api.w.org\/{rel}","templated":true}]}}