{"id":12511,"date":"2025-09-21T23:00:25","date_gmt":"2025-09-21T21:00:25","guid":{"rendered":"https:\/\/wsdelblag.pl\/?p=12511"},"modified":"2025-10-15T09:01:25","modified_gmt":"2025-10-15T07:01:25","slug":"nowy-rok-formacji-2","status":"publish","type":"post","link":"https:\/\/wsdelblag.pl\/?p=12511","title":{"rendered":"Nowy rok formacji"},"content":{"rendered":"<div class=\"xdj266r x14z9mp xat24cr x1lziwak x1vvkbs x126k92a\">\n<div dir=\"auto\">Rozpoczynamy nowy rok formacyjny naszego Seminarium Duchownego Diecezji Elbl\u0105skiej w Hosianum w Olsztynie <span class=\"html-span xexx8yu xyri2b x18d9i69 x1c1uobl x1hl2dhg x16tdsg8 x1vvkbs x3nfvp2 x1j61x8r x1fcty0u xdj266r xat24cr xm2jcoa x1mpyi22 xxymvpz xlup9mm x1kky2od\"><img loading=\"lazy\" decoding=\"async\" class=\"xz74otr x15mokao x1ga7v0g x16uus16 xbiv7yw\" src=\"https:\/\/static.xx.fbcdn.net\/images\/emoji.php\/v9\/t80\/1\/16\/1f64f.png\" alt=\"\" width=\"16\" height=\"16\"><\/span><span class=\"html-span xexx8yu xyri2b x18d9i69 x1c1uobl x1hl2dhg x16tdsg8 x1vvkbs x3nfvp2 x1j61x8r x1fcty0u xdj266r xat24cr xm2jcoa x1mpyi22 xxymvpz xlup9mm x1kky2od\"><img loading=\"lazy\" decoding=\"async\" class=\"xz74otr x15mokao x1ga7v0g x16uus16 xbiv7yw\" src=\"https:\/\/static.xx.fbcdn.net\/images\/emoji.php\/v9\/tf4\/1\/16\/2728.png\" alt=\"\u2728\" width=\"16\" height=\"16\"><\/span>.<\/div>\n<\/div>\n<div class=\"x14z9mp xat24cr x1lziwak x1vvkbs xtlvy1s x126k92a\">\n<div dir=\"auto\">Ju\u017c jutro wchodzimy w czas rekolekcji na rozpocz\u0119cie roku, kt\u00f3re poprowadzi ks. Krzysztof Nowrot \u2014 ufamy, \u017ce b\u0119dzie to okazja do umocnienia naszej wiary i odnowienia serc.<\/div>\n<\/div>\n<div class=\"x14z9mp xat24cr x1lziwak x1vvkbs xtlvy1s x126k92a\">\n<div dir=\"auto\">Prosimy Was serdecznie o modlitewne wsparcie, aby ten czas by\u0142 owocny i umocni\u0142 nas w drodze powo\u0142ania.<\/div>\n<\/div>\n","protected":false},"excerpt":{"rendered":"<p>Rozpoczynamy nowy rok formacyjny naszego Seminarium Duchownego Diecezji Elbl\u0105skiej w Hosianum w Olsztynie . Ju\u017c jutro wchodzimy w czas rekolekcji na rozpocz\u0119cie roku, kt\u00f3re poprowadzi ks. Krzysztof Nowrot \u2014 ufamy, \u017ce b\u0119dzie to okazja do umocnienia naszej wiary i odnowienia serc. Prosimy Was serdecznie o modlitewne wsparcie, aby ten czas by\u0142 owocny i umocni\u0142 nas [&hellip;]<\/p>\n","protected":false},"author":1,"featured_media":12512,"comment_status":"closed","ping_status":"closed","sticky":false,"template":"","format":"standard","meta":{"ngg_post_thumbnail":0,"footnotes":""},"categories":[1],"tags":[],"class_list":["post-12511","post","type-post","status-publish","format-standard","has-post-thumbnail","hentry","category-bez-kategorii"],"_links":{"self":[{"href":"https:\/\/wsdelblag.pl\/index.php?rest_route=\/wp\/v2\/posts\/12511","targetHints":{"allow":["GET"]}}],"collection":[{"href":"https:\/\/wsdelblag.pl\/index.php?rest_route=\/wp\/v2\/posts"}],"about":[{"href":"https:\/\/wsdelblag.pl\/index.php?rest_route=\/wp\/v2\/types\/post"}],"author":[{"embeddable":true,"href":"https:\/\/wsdelblag.pl\/index.php?rest_route=\/wp\/v2\/users\/1"}],"replies":[{"embeddable":true,"href":"https:\/\/wsdelblag.pl\/index.php?rest_route=%2Fwp%2Fv2%2Fcomments&post=12511"}],"version-history":[{"count":1,"href":"https:\/\/wsdelblag.pl\/index.php?rest_route=\/wp\/v2\/posts\/12511\/revisions"}],"predecessor-version":[{"id":12513,"href":"https:\/\/wsdelblag.pl\/index.php?rest_route=\/wp\/v2\/posts\/12511\/revisions\/12513"}],"wp:featuredmedia":[{"embeddable":true,"href":"https:\/\/wsdelblag.pl\/index.php?rest_route=\/wp\/v2\/media\/12512"}],"wp:attachment":[{"href":"https:\/\/wsdelblag.pl\/index.php?rest_route=%2Fwp%2Fv2%2Fmedia&parent=12511"}],"wp:term":[{"taxonomy":"category","embeddable":true,"href":"https:\/\/wsdelblag.pl\/index.php?rest_route=%2Fwp%2Fv2%2Fcategories&post=12511"},{"taxonomy":"post_tag","embeddable":true,"href":"https:\/\/wsdelblag.pl\/index.php?rest_route=%2Fwp%2Fv2%2Ftags&post=12511"}],"curies":[{"name":"wp","href":"https:\/\/api.w.org\/{rel}","templated":true}]}}