{"id":12514,"date":"2025-09-27T21:03:11","date_gmt":"2025-09-27T19:03:11","guid":{"rendered":"https:\/\/wsdelblag.pl\/?p=12514"},"modified":"2025-10-15T17:09:11","modified_gmt":"2025-10-15T15:09:11","slug":"inauguracja-nowego-roku-formacyjnego","status":"publish","type":"post","link":"https:\/\/wsdelblag.pl\/?p=12514","title":{"rendered":"Inauguracja Nowego Roku Formacyjnego"},"content":{"rendered":"<div class=\"xdj266r x14z9mp xat24cr x1lziwak x1vvkbs x126k92a\">\n<div dir=\"auto\">Dzi\u015b nasza wsp\u00f3lnota seminaryjna prze\u017cywa\u0142a dzie\u0144 pe\u0142en rado\u015bci.<\/div>\n<\/div>\n<div class=\"x14z9mp xat24cr x1lziwak x1vvkbs xtlvy1s x126k92a\">\n<div dir=\"auto\"><span class=\"html-span xexx8yu xyri2b x18d9i69 x1c1uobl x1hl2dhg x16tdsg8 x1vvkbs x3nfvp2 x1j61x8r x1fcty0u xdj266r xat24cr xm2jcoa x1mpyi22 xxymvpz xlup9mm x1kky2od\"><img loading=\"lazy\" decoding=\"async\" class=\"xz74otr x15mokao x1ga7v0g x16uus16 xbiv7yw\" src=\"https:\/\/static.xx.fbcdn.net\/images\/emoji.php\/v9\/t6b\/1\/16\/1f454.png\" alt=\"\" width=\"16\" height=\"16\"><\/span> Trzech alumn\u00f3w z roku III przyj\u0119\u0142o str\u00f3j duchowny i uroczy\u015bcie zadeklarowa\u0142o gotowo\u015b\u0107 do przyj\u0119cia \u015bwi\u0119ce\u0144 diakonatu oraz prezbiteratu.<\/div>\n<div dir=\"auto\"><span class=\"html-span xexx8yu xyri2b x18d9i69 x1c1uobl x1hl2dhg x16tdsg8 x1vvkbs x3nfvp2 x1j61x8r x1fcty0u xdj266r xat24cr xm2jcoa x1mpyi22 xxymvpz xlup9mm x1kky2od\"><img loading=\"lazy\" decoding=\"async\" class=\"xz74otr x15mokao x1ga7v0g x16uus16 xbiv7yw\" src=\"https:\/\/static.xx.fbcdn.net\/images\/emoji.php\/v9\/t81\/1\/16\/271d.png\" alt=\"\u271d\" width=\"16\" height=\"16\"><\/span> Ponadto sze\u015bciu kleryk\u00f3w z roku propedeutycznego z\u0142o\u017cy\u0142o wyznanie wiary, umacniaj\u0105c swoje oddanie Chrystusowi i Ko\u015bcio\u0142owi.<\/div>\n<\/div>\n<div class=\"x14z9mp xat24cr x1lziwak x1vvkbs xtlvy1s x126k92a\">\n<div dir=\"auto\">By\u0142 to tak\u017ce szczeg\u00f3lny moment dla Wydzia\u0142u Teologii Uniwersytetu Warmi\u0144sko-Mazurskiego \u2013 podczas wsp\u00f3lnej Eucharystii zawierzyli\u015bmy Bogu kolejny rok akademicki, prosz\u0105c o \u015bwiat\u0142o Ducha \u015awi\u0119tego dla student\u00f3w, wyk\u0142adowc\u00f3w i nowego Dziekana Wydzia\u0142u, ks. dr hab. Adama Bielinowicza, prof. UWM.<\/div>\n<\/div>\n<div class=\"x14z9mp xat24cr x1lziwak x1vvkbs xtlvy1s x126k92a\">\n<div dir=\"auto\"><span class=\"html-span xexx8yu xyri2b x18d9i69 x1c1uobl x1hl2dhg x16tdsg8 x1vvkbs x3nfvp2 x1j61x8r x1fcty0u xdj266r xat24cr xm2jcoa x1mpyi22 xxymvpz xlup9mm x1kky2od\"><img loading=\"lazy\" decoding=\"async\" class=\"xz74otr x15mokao x1ga7v0g x16uus16 xbiv7yw\" src=\"https:\/\/static.xx.fbcdn.net\/images\/emoji.php\/v9\/tc5\/1\/16\/1f90d.png\" alt=\"\" width=\"16\" height=\"16\"><\/span> Polecajmy w modlitwie naszych braci, aby z odwag\u0105 i wierno\u015bci\u0105 kroczyli drog\u0105 powo\u0142ania, a ca\u0142a wsp\u00f3lnota akademicka wzrasta\u0142a w m\u0105dro\u015bci i wierze.<\/div>\n<\/div>\n<div class=\"x14z9mp xat24cr x1lziwak x1vvkbs xtlvy1s x126k92a\">&nbsp;<\/div>\n","protected":false},"excerpt":{"rendered":"<p>Dzi\u015b nasza wsp\u00f3lnota seminaryjna prze\u017cywa\u0142a dzie\u0144 pe\u0142en rado\u015bci. Trzech alumn\u00f3w z roku III przyj\u0119\u0142o str\u00f3j duchowny i uroczy\u015bcie zadeklarowa\u0142o gotowo\u015b\u0107 do przyj\u0119cia \u015bwi\u0119ce\u0144 diakonatu oraz prezbiteratu. Ponadto sze\u015bciu kleryk\u00f3w z roku propedeutycznego z\u0142o\u017cy\u0142o wyznanie wiary, umacniaj\u0105c swoje oddanie Chrystusowi i Ko\u015bcio\u0142owi. By\u0142 to tak\u017ce szczeg\u00f3lny moment dla Wydzia\u0142u Teologii Uniwersytetu Warmi\u0144sko-Mazurskiego \u2013 podczas wsp\u00f3lnej Eucharystii [&hellip;]<\/p>\n","protected":false},"author":1,"featured_media":12515,"comment_status":"closed","ping_status":"closed","sticky":false,"template":"","format":"standard","meta":{"ngg_post_thumbnail":0,"footnotes":""},"categories":[1],"tags":[],"class_list":["post-12514","post","type-post","status-publish","format-standard","has-post-thumbnail","hentry","category-bez-kategorii"],"_links":{"self":[{"href":"https:\/\/wsdelblag.pl\/index.php?rest_route=\/wp\/v2\/posts\/12514","targetHints":{"allow":["GET"]}}],"collection":[{"href":"https:\/\/wsdelblag.pl\/index.php?rest_route=\/wp\/v2\/posts"}],"about":[{"href":"https:\/\/wsdelblag.pl\/index.php?rest_route=\/wp\/v2\/types\/post"}],"author":[{"embeddable":true,"href":"https:\/\/wsdelblag.pl\/index.php?rest_route=\/wp\/v2\/users\/1"}],"replies":[{"embeddable":true,"href":"https:\/\/wsdelblag.pl\/index.php?rest_route=%2Fwp%2Fv2%2Fcomments&post=12514"}],"version-history":[{"count":2,"href":"https:\/\/wsdelblag.pl\/index.php?rest_route=\/wp\/v2\/posts\/12514\/revisions"}],"predecessor-version":[{"id":12520,"href":"https:\/\/wsdelblag.pl\/index.php?rest_route=\/wp\/v2\/posts\/12514\/revisions\/12520"}],"wp:featuredmedia":[{"embeddable":true,"href":"https:\/\/wsdelblag.pl\/index.php?rest_route=\/wp\/v2\/media\/12515"}],"wp:attachment":[{"href":"https:\/\/wsdelblag.pl\/index.php?rest_route=%2Fwp%2Fv2%2Fmedia&parent=12514"}],"wp:term":[{"taxonomy":"category","embeddable":true,"href":"https:\/\/wsdelblag.pl\/index.php?rest_route=%2Fwp%2Fv2%2Fcategories&post=12514"},{"taxonomy":"post_tag","embeddable":true,"href":"https:\/\/wsdelblag.pl\/index.php?rest_route=%2Fwp%2Fv2%2Ftags&post=12514"}],"curies":[{"name":"wp","href":"https:\/\/api.w.org\/{rel}","templated":true}]}}