{"id":12517,"date":"2025-10-01T09:03:38","date_gmt":"2025-10-01T07:03:38","guid":{"rendered":"https:\/\/wsdelblag.pl\/?p=12517"},"modified":"2025-10-15T09:04:54","modified_gmt":"2025-10-15T07:04:54","slug":"seminaryjna-pielgrzymka-do-gietrzwaldu","status":"publish","type":"post","link":"https:\/\/wsdelblag.pl\/?p=12517","title":{"rendered":"Seminaryjna pielgrzymka do Gietrzwa\u0142du"},"content":{"rendered":"<div class=\"xdj266r x14z9mp xat24cr x1lziwak x1vvkbs x126k92a\">\n<div dir=\"auto\">Dzi\u015b, u progu nowego roku formacyjnego, wyruszyli\u015bmy do Gietrzwa\u0142du. <span class=\"html-span xexx8yu xyri2b x18d9i69 x1c1uobl x1hl2dhg x16tdsg8 x1vvkbs x3nfvp2 x1j61x8r x1fcty0u xdj266r xat24cr xm2jcoa x1mpyi22 xxymvpz xlup9mm x1kky2od\"><img loading=\"lazy\" decoding=\"async\" class=\"xz74otr x15mokao x1ga7v0g x16uus16 xbiv7yw\" src=\"https:\/\/static.xx.fbcdn.net\/images\/emoji.php\/v9\/te5\/1\/16\/1f492.png\" alt=\"\" width=\"16\" height=\"16\"><\/span><\/div>\n<div dir=\"auto\">Wsp\u00f3ln\u0105 modlitw\u0105 pragniemy zawierzy\u0107 czas formacji i studi\u00f3w Matce Bo\u017cej Gietrzwa\u0142dzkiej, prosz\u0105c J\u0105 o opiek\u0119 i prowadzenie. <span class=\"html-span xexx8yu xyri2b x18d9i69 x1c1uobl x1hl2dhg x16tdsg8 x1vvkbs x3nfvp2 x1j61x8r x1fcty0u xdj266r xat24cr xm2jcoa x1mpyi22 xxymvpz xlup9mm x1kky2od\"><img loading=\"lazy\" decoding=\"async\" class=\"xz74otr x15mokao x1ga7v0g x16uus16 xbiv7yw\" src=\"https:\/\/static.xx.fbcdn.net\/images\/emoji.php\/v9\/t71\/1\/16\/1f339.png\" alt=\"\" width=\"16\" height=\"16\"><\/span><\/div>\n<\/div>\n<div class=\"x14z9mp xat24cr x1lziwak x1vvkbs xtlvy1s x126k92a\">\n<div dir=\"auto\">Niech ten rok b\u0119dzie czasem wzrastania w wierze, braterstwie i pos\u0142udze Ko\u015bcio\u0142owi. <span class=\"html-span xexx8yu xyri2b x18d9i69 x1c1uobl x1hl2dhg x16tdsg8 x1vvkbs x3nfvp2 x1j61x8r x1fcty0u xdj266r xat24cr xm2jcoa x1mpyi22 xxymvpz xlup9mm x1kky2od\"><img loading=\"lazy\" decoding=\"async\" class=\"xz74otr x15mokao x1ga7v0g x16uus16 xbiv7yw\" src=\"https:\/\/static.xx.fbcdn.net\/images\/emoji.php\/v9\/tfd\/1\/16\/1f64c.png\" alt=\"\" width=\"16\" height=\"16\"><\/span><\/div>\n<div dir=\"auto\">Matko Gietrzwa\u0142dzka \u2013 m\u00f3dl si\u0119 za nami!<\/div>\n<\/div>\n","protected":false},"excerpt":{"rendered":"<p>Dzi\u015b, u progu nowego roku formacyjnego, wyruszyli\u015bmy do Gietrzwa\u0142du. Wsp\u00f3ln\u0105 modlitw\u0105 pragniemy zawierzy\u0107 czas formacji i studi\u00f3w Matce Bo\u017cej Gietrzwa\u0142dzkiej, prosz\u0105c J\u0105 o opiek\u0119 i prowadzenie. Niech ten rok b\u0119dzie czasem wzrastania w wierze, braterstwie i pos\u0142udze Ko\u015bcio\u0142owi. Matko Gietrzwa\u0142dzka \u2013 m\u00f3dl si\u0119 za nami!<\/p>\n","protected":false},"author":1,"featured_media":12518,"comment_status":"closed","ping_status":"closed","sticky":false,"template":"","format":"standard","meta":{"ngg_post_thumbnail":0,"footnotes":""},"categories":[1],"tags":[],"class_list":["post-12517","post","type-post","status-publish","format-standard","has-post-thumbnail","hentry","category-bez-kategorii"],"_links":{"self":[{"href":"https:\/\/wsdelblag.pl\/index.php?rest_route=\/wp\/v2\/posts\/12517","targetHints":{"allow":["GET"]}}],"collection":[{"href":"https:\/\/wsdelblag.pl\/index.php?rest_route=\/wp\/v2\/posts"}],"about":[{"href":"https:\/\/wsdelblag.pl\/index.php?rest_route=\/wp\/v2\/types\/post"}],"author":[{"embeddable":true,"href":"https:\/\/wsdelblag.pl\/index.php?rest_route=\/wp\/v2\/users\/1"}],"replies":[{"embeddable":true,"href":"https:\/\/wsdelblag.pl\/index.php?rest_route=%2Fwp%2Fv2%2Fcomments&post=12517"}],"version-history":[{"count":1,"href":"https:\/\/wsdelblag.pl\/index.php?rest_route=\/wp\/v2\/posts\/12517\/revisions"}],"predecessor-version":[{"id":12519,"href":"https:\/\/wsdelblag.pl\/index.php?rest_route=\/wp\/v2\/posts\/12517\/revisions\/12519"}],"wp:featuredmedia":[{"embeddable":true,"href":"https:\/\/wsdelblag.pl\/index.php?rest_route=\/wp\/v2\/media\/12518"}],"wp:attachment":[{"href":"https:\/\/wsdelblag.pl\/index.php?rest_route=%2Fwp%2Fv2%2Fmedia&parent=12517"}],"wp:term":[{"taxonomy":"category","embeddable":true,"href":"https:\/\/wsdelblag.pl\/index.php?rest_route=%2Fwp%2Fv2%2Fcategories&post=12517"},{"taxonomy":"post_tag","embeddable":true,"href":"https:\/\/wsdelblag.pl\/index.php?rest_route=%2Fwp%2Fv2%2Ftags&post=12517"}],"curies":[{"name":"wp","href":"https:\/\/api.w.org\/{rel}","templated":true}]}}