{"id":219,"date":"2011-03-22T18:39:04","date_gmt":"2011-03-22T18:39:04","guid":{"rendered":"http:\/\/wsdelblag.pl\/?p=219"},"modified":"2011-03-22T18:46:03","modified_gmt":"2011-03-22T18:46:03","slug":"vi-miedzyuczelniana-konferencja-naukowa","status":"publish","type":"post","link":"https:\/\/wsdelblag.pl\/?p=219","title":{"rendered":"Konferencja Naukowa"},"content":{"rendered":"<p>Z okazji VI rocznicy \u015bmierci s\u0142ugi Bo\u017cego Jana Paw\u0142a II oraz w ramach przygotowania do beatyfikacji naszego Wielkiego Rodaka<\/p>\n<p><!--more-->nasze Seminarium wraz z pozosta\u0142ymi szko\u0142ami wy\u017cszymi Elbl\u0105ga zapraszaj\u0105 na konferencj\u0119 naukow\u0105, zatytu\u0142owan\u0105: \u201eEkologia \u015bwiadomo\u015bci\u201d \u2013 inspiracje Jana Paw\u0142a II dla wsp\u00f3\u0142czesno\u015bci.<\/p>\n<p>Konferencja\u00a0 odb\u0119dzie si\u0119 31 marca w auli Elbl\u0105skiej Uczelni \u00a0Humanistyczno &#8211; Ekonomicznej przy ul. Lotniczej 2 \u00a0 \u00a0 \u00a0 \u00a0 \u00a0 \u00a0 \u00a0 \u00a0 \u00a0 \u00a0 \u00a0 \u00a0\u00a0 \u00a0 \u00a0 w godz. 10.00 \u2013 14.00.<\/p>\n","protected":false},"excerpt":{"rendered":"<p>Z okazji VI rocznicy \u015bmierci s\u0142ugi Bo\u017cego Jana Paw\u0142a II oraz w ramach przygotowania do beatyfikacji naszego Wielkiego Rodaka<\/p>\n","protected":false},"author":1,"featured_media":220,"comment_status":"closed","ping_status":"open","sticky":false,"template":"","format":"standard","meta":{"ngg_post_thumbnail":0,"footnotes":""},"categories":[1],"tags":[],"class_list":["post-219","post","type-post","status-publish","format-standard","has-post-thumbnail","hentry","category-bez-kategorii"],"_links":{"self":[{"href":"https:\/\/wsdelblag.pl\/index.php?rest_route=\/wp\/v2\/posts\/219","targetHints":{"allow":["GET"]}}],"collection":[{"href":"https:\/\/wsdelblag.pl\/index.php?rest_route=\/wp\/v2\/posts"}],"about":[{"href":"https:\/\/wsdelblag.pl\/index.php?rest_route=\/wp\/v2\/types\/post"}],"author":[{"embeddable":true,"href":"https:\/\/wsdelblag.pl\/index.php?rest_route=\/wp\/v2\/users\/1"}],"replies":[{"embeddable":true,"href":"https:\/\/wsdelblag.pl\/index.php?rest_route=%2Fwp%2Fv2%2Fcomments&post=219"}],"version-history":[{"count":15,"href":"https:\/\/wsdelblag.pl\/index.php?rest_route=\/wp\/v2\/posts\/219\/revisions"}],"predecessor-version":[{"id":235,"href":"https:\/\/wsdelblag.pl\/index.php?rest_route=\/wp\/v2\/posts\/219\/revisions\/235"}],"wp:featuredmedia":[{"embeddable":true,"href":"https:\/\/wsdelblag.pl\/index.php?rest_route=\/wp\/v2\/media\/220"}],"wp:attachment":[{"href":"https:\/\/wsdelblag.pl\/index.php?rest_route=%2Fwp%2Fv2%2Fmedia&parent=219"}],"wp:term":[{"taxonomy":"category","embeddable":true,"href":"https:\/\/wsdelblag.pl\/index.php?rest_route=%2Fwp%2Fv2%2Fcategories&post=219"},{"taxonomy":"post_tag","embeddable":true,"href":"https:\/\/wsdelblag.pl\/index.php?rest_route=%2Fwp%2Fv2%2Ftags&post=219"}],"curies":[{"name":"wp","href":"https:\/\/api.w.org\/{rel}","templated":true}]}}