{"id":7879,"date":"2017-05-08T16:13:43","date_gmt":"2017-05-08T16:13:43","guid":{"rendered":"http:\/\/wsdelblag.pl\/?p=7879"},"modified":"2017-05-08T17:21:16","modified_gmt":"2017-05-08T17:21:16","slug":"egzamin-wstepny-do-seminarium","status":"publish","type":"post","link":"https:\/\/wsdelblag.pl\/?p=7879","title":{"rendered":"Egzamin wst\u0119pny do seminarium"},"content":{"rendered":"<p style=\"text-align: justify;\">W tym roku egzamin wst\u0119pny do naszego seminarium odb\u0119dzie si\u0119 5 lipca (\u015broda) o godzinie\u00a0 10.00 natomiast drugi nab\u00f3r (dla kandydat\u00f3w, kt\u00f3rzy zg\u0142osz\u0105 si\u0119 po 5 lipca) b\u0119dzie mia\u0142 miejsce 15 wrze\u015bnia\u00a0 (pi\u0105tek) r\u00f3wnie\u017c o godz. 10.00.<\/p>\n<p><strong>Spis dokument\u00f3w<\/strong>, jakie powinien ze sob\u0105 przywie\u017a\u0107 kandydat:<\/p>\n<ol>\n<li>Podanie o przyj\u0119cie do WSD DE napisane w\u0142asnor\u0119cznie,<\/li>\n<li>W\u0142asnor\u0119cznie napisany \u017cyciorys,<\/li>\n<li>\u015awiadectwo uko\u0144czenia szko\u0142y \u015bredniej (orygina\u0142),<\/li>\n<li>\u015awiadectwo dojrza\u0142o\u015bci (orygina\u0142),<\/li>\n<li>\u015awiadectwo chrztu,<\/li>\n<li>\u015awiadectwo bierzmowania,<\/li>\n<li>Opinia Ksi\u0119dza Proboszcza,<\/li>\n<li>Opinia katechety,<\/li>\n<li>\u015awiadectwo zdrowia dla kandydat\u00f3w na wy\u017csze uczelnie (specjalizacja nauczycielska),<\/li>\n<li>Kserokopia dowodu osobistego (strona 1 i 2),<\/li>\n<li>Kserokopia ksi\u0105\u017ceczki wojskowej (strony 2-3 i 6-7),<\/li>\n<li>Fotografie legitymacyjne 5 sztuk o wymiarach 35 x 45 mm, na jasnym tle, zgodnie z wymaganiami stosowanymi przy wydawaniu dowod\u00f3w osobistych,, opisane na odwrocie imieniem i nazwiskiem oraz numerem PESEL<\/li>\n<li>Fotografia w formie elektronicznej (format .jpg) na no\u015bniku elektromagnetycznym,<\/li>\n<li>Op\u0142ata rekrutacyjna na rzecz Wydzia\u0142u Teologii UWM w wysoko\u015bci 85 z\u0142.<\/li>\n<li>Wype\u0142niony formularz podania rekrutacyjnego UWM\u00a0(generowany przy internetowej rejestracji kandydata:<a href=\"https:\/\/irk.uwm.edu.pl\/\" target=\"_blank\" data-saferedirecturl=\"https:\/\/www.google.com\/url?hl=pl&amp;q=https:\/\/irk.uwm.edu.pl\/&amp;source=gmail&amp;ust=1465634304777000&amp;usg=AFQjCNGnxh4KFNj0lq6DX5zKEBZmiuYiTw\"> https:\/\/irk.uwm.edu.pl\/<\/a>. Internetowa rejestracja kandydata jest obowi\u0105zkowa!<\/li>\n<\/ol>\n<p style=\"text-align: justify;\">Z ka\u017cdym z kandydat\u00f3w moderatorzy WSD przeprowadz\u0105 rozmow\u0119 kwalifikacyjn\u0105 w oparciu o prac\u0119 pisemn\u0105.<b> Ka\u017cdy kandydat winien wcze\u015bniej zg\u0142osi\u0107 ch\u0119\u0107 wst\u0105pienia do Seminarium, odby\u0107 rozmow\u0119 wst\u0119pn\u0105 z rektorem WSD (kontakt: 600 131 801) i wype\u0142ni\u0107 odpowiednie formularze.<\/b><\/p>\n","protected":false},"excerpt":{"rendered":"<p>W tym roku egzamin wst\u0119pny do naszego seminarium odb\u0119dzie si\u0119 5 lipca (\u015broda) o godzinie\u00a0 10.00 natomiast drugi nab\u00f3r (dla kandydat\u00f3w, kt\u00f3rzy zg\u0142osz\u0105 si\u0119 po 5 lipca) b\u0119dzie mia\u0142 miejsce 15 wrze\u015bnia\u00a0 (pi\u0105tek) r\u00f3wnie\u017c o godz. 10.00. Spis dokument\u00f3w, jakie powinien ze sob\u0105 przywie\u017a\u0107 kandydat: Podanie o przyj\u0119cie do WSD DE napisane w\u0142asnor\u0119cznie, W\u0142asnor\u0119cznie napisany [&hellip;]<\/p>\n","protected":false},"author":1,"featured_media":7880,"comment_status":"closed","ping_status":"closed","sticky":false,"template":"","format":"standard","meta":{"ngg_post_thumbnail":0,"footnotes":""},"categories":[1],"tags":[],"class_list":["post-7879","post","type-post","status-publish","format-standard","has-post-thumbnail","hentry","category-bez-kategorii"],"_links":{"self":[{"href":"https:\/\/wsdelblag.pl\/index.php?rest_route=\/wp\/v2\/posts\/7879","targetHints":{"allow":["GET"]}}],"collection":[{"href":"https:\/\/wsdelblag.pl\/index.php?rest_route=\/wp\/v2\/posts"}],"about":[{"href":"https:\/\/wsdelblag.pl\/index.php?rest_route=\/wp\/v2\/types\/post"}],"author":[{"embeddable":true,"href":"https:\/\/wsdelblag.pl\/index.php?rest_route=\/wp\/v2\/users\/1"}],"replies":[{"embeddable":true,"href":"https:\/\/wsdelblag.pl\/index.php?rest_route=%2Fwp%2Fv2%2Fcomments&post=7879"}],"version-history":[{"count":4,"href":"https:\/\/wsdelblag.pl\/index.php?rest_route=\/wp\/v2\/posts\/7879\/revisions"}],"predecessor-version":[{"id":7884,"href":"https:\/\/wsdelblag.pl\/index.php?rest_route=\/wp\/v2\/posts\/7879\/revisions\/7884"}],"wp:featuredmedia":[{"embeddable":true,"href":"https:\/\/wsdelblag.pl\/index.php?rest_route=\/wp\/v2\/media\/7880"}],"wp:attachment":[{"href":"https:\/\/wsdelblag.pl\/index.php?rest_route=%2Fwp%2Fv2%2Fmedia&parent=7879"}],"wp:term":[{"taxonomy":"category","embeddable":true,"href":"https:\/\/wsdelblag.pl\/index.php?rest_route=%2Fwp%2Fv2%2Fcategories&post=7879"},{"taxonomy":"post_tag","embeddable":true,"href":"https:\/\/wsdelblag.pl\/index.php?rest_route=%2Fwp%2Fv2%2Ftags&post=7879"}],"curies":[{"name":"wp","href":"https:\/\/api.w.org\/{rel}","templated":true}]}}